{"id":4673,"date":"2025-06-03T12:12:57","date_gmt":"2025-06-03T11:12:57","guid":{"rendered":"https:\/\/dswebsite.live-website.com\/lkw-schnellladestation\/"},"modified":"2025-07-23T06:37:54","modified_gmt":"2025-07-23T06:37:54","slug":"fast-charging-hub","status":"publish","type":"post","link":"https:\/\/ds-bremen.de\/en\/fast-charging-hub\/","title":{"rendered":"Logistics: First Fast-Charging Hub for Electric Trucks"},"content":{"rendered":"<p>[et_pb_section fb_built=&#8221;1&#8243; _builder_version=&#8221;4.27.4&#8243; _module_preset=&#8221;default&#8221; custom_margin=&#8221;30px||||false|false&#8221; global_colors_info=&#8221;{}&#8221;][et_pb_row _builder_version=&#8221;4.27.4&#8243; _module_preset=&#8221;default&#8221; width=&#8221;90%&#8221; custom_padding=&#8221;0px||0px||true|false&#8221; global_colors_info=&#8221;{}&#8221;][et_pb_column type=&#8221;4_4&#8243; _builder_version=&#8221;4.27.4&#8243; _module_preset=&#8221;default&#8221; global_colors_info=&#8221;{}&#8221;][et_pb_text _builder_version=&#8221;4.27.4&#8243; _module_preset=&#8221;default&#8221; global_colors_info=&#8221;{}&#8221;]<\/p>\n<p>Two subsidiaries of the DS Group have successfully launched a forward-looking project: The first fast-charging hub for electric trucks within the group has gone into operation at the Rieste site in the Niedersachsenpark \u2013 a key milestone on the road to climate-friendly logistics.<\/p>\n<h3>A Strong Team: DS card + drive and ENERGU<\/h3>\n<p>The project was realized with DS card + drive as the operator and ENERGU as the implementation partner. ENERGU provides customized solutions for sustainable charging infrastructure and smart energy management. In this project, the company handled all groundwork, installation, connection, commissioning, operation, and maintenance of the facility.<\/p>\n<p>DS card + drive, a member of the Europe-wide tankpool24 network, supplies the logistics industry with around-the-clock access to fuel via automated fueling stations across Europe. Together, the two companies developed a cutting-edge charging solution tailored to the needs of electric truck fleets:<\/p>\n<ul>\n<li>2 fast-charging stations from manufacturer Nidec<\/li>\n<li>4 charging points, each offering up to 400\u202fkW<\/li>\n<li>CCS2 connectors, compatible with common e-truck models<\/li>\n<li>Charging time: approx. 45 minutes \u2013 aligned with the legally required driver break<\/li>\n<li>Range per charge: up to 600\u202fkm<\/li>\n<\/ul>\n<p>A key benefit for logistics companies: billing is seamlessly integrated into the tankpool24 network and is handled conveniently via NFC fuel card \u2013 efficient, secure, and hassle-free.<\/p>\n<p>[\/et_pb_text][et_pb_divider color=&#8221;#D4D4D4&#8243; divider_weight=&#8221;1px&#8221; _builder_version=&#8221;4.27.4&#8243; _module_preset=&#8221;default&#8221; global_colors_info=&#8221;{}&#8221;][\/et_pb_divider][et_pb_image src=&#8221;https:\/\/ds-bremen.de\/wp-content\/uploads\/2025\/03\/zitat.svg&#8221; title_text=&#8221;zitat&#8221; admin_label=&#8221;Anf\u00fcrhungszeichen&#8221; _builder_version=&#8221;4.27.4&#8243; _module_preset=&#8221;default&#8221; max_width=&#8221;80px&#8221; module_alignment=&#8221;left&#8221; global_colors_info=&#8221;{}&#8221;][\/et_pb_image][et_pb_text admin_label=&#8221;Zitat&#8221; _builder_version=&#8221;4.27.4&#8243; _module_preset=&#8221;default&#8221; text_font_size=&#8221;1.8em&#8221; text_line_height=&#8221;1.1em&#8221; text_font_size_tablet=&#8221;1.6em&#8221; text_font_size_phone=&#8221;1.6em&#8221; text_font_size_last_edited=&#8221;on|tablet&#8221; global_colors_info=&#8221;{}&#8221;]<\/p>\n<p>Developing high-performance charging infrastructure for electric trucks is essential for transforming logistics. With our new site in Rieste, we\u2019re making <strong>a strong statement \u2013 technologically advanced and future-ready.<\/strong><\/p>\n<p>[\/et_pb_text][et_pb_text admin_label=&#8221;Zitat Name&#8221; _builder_version=&#8221;4.27.4&#8243; _module_preset=&#8221;default&#8221; global_colors_info=&#8221;{}&#8221;]<\/p>\n<p>Timo Czerwanski, Managing Director DS card + drive GmbH<\/p>\n<p>[\/et_pb_text][et_pb_divider color=&#8221;#D4D4D4&#8243; divider_weight=&#8221;1px&#8221; _builder_version=&#8221;4.27.4&#8243; _module_preset=&#8221;default&#8221; global_colors_info=&#8221;{}&#8221;][\/et_pb_divider][et_pb_text _builder_version=&#8221;4.27.4&#8243; _module_preset=&#8221;default&#8221; global_colors_info=&#8221;{}&#8221;]<\/p>\n<h3>Future-Ready: A Strategically Located Site<\/h3>\n<p>The charging hub in Rieste is located just 500 meters from a planned new motorway exit, making it ideally situated for customers who are already using electric vehicles or preparing to transition. Nearby, a logistics provider and an international fashion brand have operations.\n<\/p>\n<p>Photovoltaic panels installed on the rooftops of adjacent buildings are set to be integrated into the overall energy concept. Plans also include the use of a high-capacity energy storage system to efficiently utilize self-generated electricity. This would reduce reliance on the grid and lower operational costs in the long term.<\/p>\n<p>A <em>Scania<\/em> study [1] indicates that electric trucks using sustainably produced batteries and green electricity can reduce greenhouse gas emissions by well over 80%. Despite higher emissions and resource use during battery production, current electric trucks can become more climate-friendly than diesel-powered ones within one to two years of operation.<\/p>\n<p>[\/et_pb_text][\/et_pb_column][\/et_pb_row][et_pb_row column_structure=&#8221;1_2,1_2&#8243; _builder_version=&#8221;4.27.4&#8243; _module_preset=&#8221;default&#8221; width=&#8221;90%&#8221; custom_margin=&#8221;20px||||false|false&#8221; custom_padding=&#8221;0px||0px||true|false&#8221; global_colors_info=&#8221;{}&#8221;][et_pb_column type=&#8221;1_2&#8243; _builder_version=&#8221;4.27.4&#8243; _module_preset=&#8221;default&#8221; global_colors_info=&#8221;{}&#8221;][et_pb_image src=&#8221;https:\/\/ds-bremen.de\/wp-content\/uploads\/2025\/06\/cc2-anschluss.webp&#8221; alt=&#8221;CC2 Anschluss E-Lades\u00e4ule&#8221; title_text=&#8221;cc2-anschluss&#8221; _builder_version=&#8221;4.27.4&#8243; _module_preset=&#8221;default&#8221; global_colors_info=&#8221;{}&#8221;][\/et_pb_image][et_pb_text admin_label=&#8221;Bildunterschrift&#8221; _builder_version=&#8221;4.27.4&#8243; _module_preset=&#8221;default&#8221; text_font_size=&#8221;14px&#8221; text_line_height=&#8221;1.2em&#8221; global_colors_info=&#8221;{}&#8221;]CCS2 connectors support compatibility with standard e-truck models[\/et_pb_text][\/et_pb_column][et_pb_column type=&#8221;1_2&#8243; _builder_version=&#8221;4.27.4&#8243; _module_preset=&#8221;default&#8221; global_colors_info=&#8221;{}&#8221;][et_pb_image src=&#8221;https:\/\/ds-bremen.de\/wp-content\/uploads\/2025\/06\/rieste-umgebungsplan.webp&#8221; alt=&#8221;Rieste Lageplan A1&#8243; title_text=&#8221;rieste-umgebungsplan&#8221; _builder_version=&#8221;4.27.4&#8243; _module_preset=&#8221;default&#8221; global_colors_info=&#8221;{}&#8221;][\/et_pb_image][et_pb_text admin_label=&#8221;Bildunterschrift&#8221; _builder_version=&#8221;4.27.4&#8243; _module_preset=&#8221;default&#8221; text_font_size=&#8221;14px&#8221; text_line_height=&#8221;1.2em&#8221; global_colors_info=&#8221;{}&#8221;]Construction of the second A1 exit to the Niedersachsenpark has been underway since January[\/et_pb_text][\/et_pb_column][\/et_pb_row][et_pb_row admin_label=&#8221;Zeile&#8221; _builder_version=&#8221;4.27.4&#8243; _module_preset=&#8221;default&#8221; background_color=&#8221;#F2F2F2&#8243; width=&#8221;90%&#8221; custom_margin=&#8221;40px||||false|false&#8221; custom_padding=&#8221;25px||0px||false|false&#8221; global_colors_info=&#8221;{}&#8221;][et_pb_column type=&#8221;4_4&#8243; _builder_version=&#8221;4.27.4&#8243; _module_preset=&#8221;default&#8221; global_colors_info=&#8221;{}&#8221;][et_pb_text _builder_version=&#8221;4.27.4&#8243; _module_preset=&#8221;default&#8221; text_orientation=&#8221;center&#8221; global_colors_info=&#8221;{}&#8221;]<\/p>\n<h3>Benefits of Electric Trucks<br \/>\n<\/h3>\n<p>[\/et_pb_text][\/et_pb_column][\/et_pb_row][et_pb_row column_structure=&#8221;1_3,1_3,1_3&#8243; _builder_version=&#8221;4.27.4&#8243; _module_preset=&#8221;default&#8221; background_color=&#8221;#F2F2F2&#8243; width=&#8221;90%&#8221; custom_margin=&#8221;0px||||false|false&#8221; custom_padding=&#8221;20px|20px|25px|20px|false|true&#8221; global_colors_info=&#8221;{}&#8221;][et_pb_column type=&#8221;1_3&#8243; _builder_version=&#8221;4.27.4&#8243; _module_preset=&#8221;default&#8221; global_colors_info=&#8221;{}&#8221;][et_pb_text module_class=&#8221;et_pb_number_counter&#8221; _builder_version=&#8221;4.27.4&#8243; _module_preset=&#8221;default&#8221; text_font_size=&#8221;60px&#8221; text_line_height=&#8221;60px&#8221; text_orientation=&#8221;center&#8221; global_colors_info=&#8221;{}&#8221;]<\/p>\n<p>86 %<\/p>\n<p>[\/et_pb_text][et_pb_text _builder_version=&#8221;4.27.4&#8243; _module_preset=&#8221;default&#8221; text_orientation=&#8221;center&#8221; global_colors_info=&#8221;{}&#8221;]<\/p>\n<p>GHG reduction possible<br \/>with green energy<\/p>\n<p>[\/et_pb_text][\/et_pb_column][et_pb_column type=&#8221;1_3&#8243; _builder_version=&#8221;4.27.4&#8243; _module_preset=&#8221;default&#8221; global_colors_info=&#8221;{}&#8221;][et_pb_text module_class=&#8221;et_pb_number_counter&#8221; _builder_version=&#8221;4.27.4&#8243; _module_preset=&#8221;default&#8221; text_font_size=&#8221;60px&#8221; text_line_height=&#8221;60px&#8221; text_orientation=&#8221;center&#8221; global_colors_info=&#8221;{}&#8221;]<\/p>\n<p>63 %<\/p>\n<p>[\/et_pb_text][et_pb_text _builder_version=&#8221;4.27.4&#8243; _module_preset=&#8221;default&#8221; text_orientation=&#8221;center&#8221; global_colors_info=&#8221;{}&#8221;]<\/p>\n<p>GHG reduction with<br \/>\nprojected 2030 EU energy mix<\/p>\n<p>[\/et_pb_text][\/et_pb_column][et_pb_column type=&#8221;1_3&#8243; _builder_version=&#8221;4.27.4&#8243; _module_preset=&#8221;default&#8221; global_colors_info=&#8221;{}&#8221;][et_pb_text module_class=&#8221;et_pb_number_counter&#8221; _builder_version=&#8221;4.27.4&#8243; _module_preset=&#8221;default&#8221; text_font_size=&#8221;60px&#8221; text_line_height=&#8221;60px&#8221; text_orientation=&#8221;center&#8221; global_colors_info=&#8221;{}&#8221;]<\/p>\n<p>83-97 %<\/p>\n<p>[\/et_pb_text][et_pb_text _builder_version=&#8221;4.27.4&#8243; _module_preset=&#8221;default&#8221; text_orientation=&#8221;center&#8221; global_colors_info=&#8221;{}&#8221;]<\/p>\n<p>Reduction in particulate matter, <br \/>ozone formation, and soil acidification<\/p>\n<p>[\/et_pb_text][\/et_pb_column][\/et_pb_row][et_pb_row _builder_version=&#8221;4.27.4&#8243; _module_preset=&#8221;default&#8221; width=&#8221;90%&#8221; custom_margin=&#8221;30px||||false|false&#8221; custom_padding=&#8221;0px||0px||true|false&#8221; global_colors_info=&#8221;{}&#8221;][et_pb_column type=&#8221;4_4&#8243; _builder_version=&#8221;4.27.4&#8243; _module_preset=&#8221;default&#8221; global_colors_info=&#8221;{}&#8221;][et_pb_image src=&#8221;https:\/\/ds-bremen.de\/wp-content\/uploads\/2025\/06\/grafik-thg-lkw.webp&#8221; alt=&#8221;THG-Emissionen Lkw&#8221; title_text=&#8221;grafik-thg-lkw&#8221; _builder_version=&#8221;4.27.4&#8243; _module_preset=&#8221;default&#8221; border_width_all=&#8221;1px&#8221; border_color_all=&#8221;#D4D4D4&#8243; global_colors_info=&#8221;{}&#8221;][\/et_pb_image][et_pb_text admin_label=&#8221;Bildunterschrift&#8221; _builder_version=&#8221;4.27.4&#8243; _module_preset=&#8221;default&#8221; text_font_size=&#8221;14px&#8221; text_line_height=&#8221;1.2em&#8221; global_colors_info=&#8221;{}&#8221;]Break-even point for CO\u2082 emissions reached after approx. 33,000\u201368,000\u202fkm, depending on electricity source (source: Scania [1])[\/et_pb_text][et_pb_text _builder_version=&#8221;4.27.4&#8243; _module_preset=&#8221;default&#8221; custom_margin=&#8221;40px||||false|false&#8221; global_colors_info=&#8221;{}&#8221;]<\/p>\n<h3>Looking Ahead: The Future of Logistics<\/h3>\n<p>Demand for low-emission transport solutions is growing \u2013 driven both by environmental awareness and by increasing pressure from major customers who are making low-carbon supply chains a requirement for doing business. By expanding its charging infrastructure, the Diersch &#038; Schr\u00f6der Group is laying the foundation for this transition.<\/p>\n<p>While electric trucks still make up a small portion of the market, that\u2019s expected to change rapidly. A study [2] by <em>PwC Strategy&#038;<\/em> projects that by 2030, more than 1 in 5 trucks worldwide could be battery-electric. By 2040, electric trucks could make up as much as 90% of the global market. A robust charging infrastructure is essential for this transformation. Early adopters stand to gain a significant competitive edge.<\/p>\n<p>[\/et_pb_text][et_pb_divider color=&#8221;#D4D4D4&#8243; divider_weight=&#8221;1px&#8221; _builder_version=&#8221;4.27.4&#8243; _module_preset=&#8221;default&#8221; global_colors_info=&#8221;{}&#8221;][\/et_pb_divider][et_pb_image src=&#8221;https:\/\/ds-bremen.de\/wp-content\/uploads\/2025\/03\/zitat.svg&#8221; title_text=&#8221;zitat&#8221; admin_label=&#8221;Anf\u00fcrhungszeichen&#8221; _builder_version=&#8221;4.27.4&#8243; _module_preset=&#8221;default&#8221; max_width=&#8221;80px&#8221; module_alignment=&#8221;left&#8221; global_colors_info=&#8221;{}&#8221;][\/et_pb_image][et_pb_text admin_label=&#8221;Zitat&#8221; _builder_version=&#8221;4.27.4&#8243; _module_preset=&#8221;default&#8221; text_font_size=&#8221;1.8em&#8221; text_line_height=&#8221;1.1em&#8221; text_font_size_tablet=&#8221;1.6em&#8221; text_font_size_phone=&#8221;1.6em&#8221; text_font_size_last_edited=&#8221;on|tablet&#8221; global_colors_info=&#8221;{}&#8221;]<\/p>\n<p>Powering electric trucks takes more than just installing charging points. We rely on <strong>well-designed, intelligent systems with high power output<\/strong> and future integration of renewable energy \u2013 just like here in Rieste.<\/p>\n<p>[\/et_pb_text][et_pb_text admin_label=&#8221;Zitat Name&#8221; _builder_version=&#8221;4.27.4&#8243; _module_preset=&#8221;default&#8221; global_colors_info=&#8221;{}&#8221;]Arthur Schneider, Managing Director ENERGU GmbH[\/et_pb_text][et_pb_divider color=&#8221;#D4D4D4&#8243; divider_weight=&#8221;1px&#8221; _builder_version=&#8221;4.27.4&#8243; _module_preset=&#8221;default&#8221; global_colors_info=&#8221;{}&#8221;][\/et_pb_divider][\/et_pb_column][\/et_pb_row][et_pb_row _builder_version=&#8221;4.27.4&#8243; _module_preset=&#8221;default&#8221; width=&#8221;90%&#8221; custom_padding=&#8221;0px||0px||true|false&#8221; global_colors_info=&#8221;{}&#8221;][et_pb_column type=&#8221;4_4&#8243; _builder_version=&#8221;4.27.4&#8243; _module_preset=&#8221;default&#8221; global_colors_info=&#8221;{}&#8221;][et_pb_text _builder_version=&#8221;4.27.4&#8243; _module_preset=&#8221;default&#8221; global_colors_info=&#8221;{}&#8221;]<\/p>\n<h3>DS Group Leads the Way<\/h3>\n<p>With the commissioning of its first fast-charging hub for electric trucks, the DS Group is sending a clear signal for the shift toward sustainable mobility in the logistics sector \u2013 and is already planning further charging points.<\/p>\n<p>[\/et_pb_text][et_pb_button button_url=&#8221;@ET-DC@eyJkeW5hbWljIjp0cnVlLCJjb250ZW50IjoicG9zdF9saW5rX3VybF9wYWdlIiwic2V0dGluZ3MiOnsicG9zdF9pZCI6IjI3In19@&#8221; button_text=&#8221;More ESG Highlights&#8221; _builder_version=&#8221;4.27.4&#8243; _dynamic_attributes=&#8221;button_url&#8221; _module_preset=&#8221;default&#8221; global_colors_info=&#8221;{}&#8221;][\/et_pb_button][et_pb_text admin_label=&#8221;Bildunterschrift&#8221; _builder_version=&#8221;4.27.4&#8243; _module_preset=&#8221;default&#8221; text_font_size=&#8221;14px&#8221; text_line_height=&#8221;1.2em&#8221; custom_margin=&#8221;35px||||false|false&#8221; global_colors_info=&#8221;{}&#8221;]<\/p>\n<p>Soruces:<br \/>[1] \u00d6kobilanz von Verteilerfahrzeugen, Scania, 03.06.2025\u00a0<a href=\"https:\/\/www.scania.com\/content\/dam\/www\/market\/ch\/emobility\/pdf\/BEVvsDiesel-Eco-Bilanz-DE.pdf\" target=\"_blank\" rel=\"noopener noreferrer\">www.scania.com\/content\/dam\/www\/market\/ch\/emobility\/pdf\/BEVvsDiesel-Eco-Bilanz-DE.pdf<\/a><br \/>[2] Truck Study 2024 | Strategy&amp;, 03.06.2025\u00a0<a href=\"https:\/\/www.strategyand.pwc.com\/de\/en\/industries\/transport\/truck-study.html\" target=\"_blank\" rel=\"noopener noreferrer\">www.strategyand.pwc.com\/de\/en\/industries\/transport\/truck-study.html<\/a><\/p>\n<p>[\/et_pb_text][\/et_pb_column][\/et_pb_row][\/et_pb_section]<\/p>\n","protected":false},"excerpt":{"rendered":"<p>Two subsidiaries of the DS Group have successfully launched a forward-looking project: The first fast-charging hub for electric trucks within the group has gone into operation at the Rieste site in the Niedersachsenpark \u2013 a key milestone on the road to climate-friendly logistics. A Strong Team: DS card + drive and ENERGU The project was realized with DS card + drive as the operator and ENERGU as the implementation partner. ENERGU provides customized solutions for sustainable charging infrastructure and smart energy management. In this project, the company handled all groundwork, installation, connection, commissioning, operation, and maintenance of the facility. DS card + drive, a member of the Europe-wide tankpool24 network, supplies the logistics industry with around-the-clock access to fuel via automated fueling stations across Europe. Together, the two companies developed a cutting-edge charging solution tailored to the needs of electric truck fleets: 2 fast-charging stations from manufacturer Nidec 4 charging points, each offering up to 400\u202fkW CCS2 connectors, compatible with common e-truck models Charging time: approx. 45 minutes \u2013 aligned with the legally required driver break Range per charge: up to 600\u202fkm A key benefit for logistics companies: billing is seamlessly integrated into the tankpool24 network and is handled conveniently [&hellip;]<\/p>\n","protected":false},"author":2,"featured_media":4348,"comment_status":"closed","ping_status":"closed","sticky":false,"template":"","format":"standard","meta":{"_acf_changed":false,"_et_pb_use_builder":"on","_et_pb_old_content":"<!-- wp:paragraph -->\r\n<p>Die erste \u00f6ffentliche Wasserstofftankstelle in Bremerhaven wurde am 20. Februar offiziell eingeweiht. Bundeskanzler Olaf Scholz durchschnitt gemeinsam mit den Gesch\u00e4ftsf\u00fchrern der HY.City.Bremerhaven und Vertretern der Gesellschafter das symbolische Band und setzte damit einen weiteren Meilenstein f\u00fcr die Wasserstoffmobilit\u00e4t in Deutschland. Die Tankstelle auf dem Betriebshof von Bremerhaven Bus wird im M\u00e4rz 2025 f\u00fcr alle Verkehrsteilnehmer ge\u00f6ffnet.<\/p>\r\n<!-- \/wp:paragraph --><!-- wp:columns -->\r\n<div class=\"wp-block-columns\"><!-- wp:column -->\r\n<div class=\"wp-block-column\"><!-- wp:heading {\"level\":3} -->\r\n<h3 class=\"wp-block-heading\">Ein weiterer Schritt in Richtung CO<sub>2<\/sub>-neutrale Mobilit\u00e4t<\/h3>\r\n<!-- \/wp:heading --><!-- wp:paragraph -->\r\n<p>Nach der Fertigstellung der Wasserstoffproduktionsanlage im Gewerbegebiet Grauwallring Ende 2024 ist nun nach rund einem Jahr Bauzeit auch die Tankstelle fertiggestellt. Sie ist zentraler Bestandteil des Verbundprojektes HY.City.Bremerhaven, das eine komplette Wasserstoff-Wertsch\u00f6pfungskette von der Erzeugung bis zur Nutzung abbildet. Der dort erzeugte gr\u00fcne Wasserstoff wird aus Windenergie gewonnen und dient dem klimafreundlichen Betrieb von Fahrzeugen.tt in Richtung CO<sub>2<\/sub>-neutrale Mobilit\u00e4t.<\/p>\r\n<!-- \/wp:paragraph --><!-- wp:quote -->\r\n<blockquote class=\"wp-block-quote\"><!-- wp:paragraph -->\r\n<p>Wir wollen und werden ein starkes, erfolgreiches Industrieland bleiben. Das gelingt uns auf Dauer nur, wenn wir CO2-neutral unseren Wohlstand organisieren. [\u2026] Dieses Projekt ist bezeichnend f\u00fcr den Umbruch, in dem wir uns in Deutschland gegenw\u00e4rtig befinden. Wasserstofftankstellen wie diese entstehen \u00fcberall in Deutschland und trotzdem bleiben sie Pionierprojekte, bei denen unternehmerischer Ehrgeiz und Kooperationsbereitschaft der \u00f6rtlichen Beh\u00f6rden notwendig sind, damit das auch gelingt.<\/p>\r\n<!-- \/wp:paragraph --><cite>Bundeskanzler Olaf Scholz betonte in seiner Rede die Bedeutung der Wasserstoffwirtschaft f\u00fcr die Zukunft Deutschlands<\/cite><\/blockquote>\r\n<!-- \/wp:quote --><!-- wp:heading {\"level\":3} -->\r\n<h3 class=\"wp-block-heading\">Einweihung mit hochrangigen G\u00e4sten<\/h3>\r\n<!-- \/wp:heading --><!-- wp:paragraph -->\r\n<p>Zur offiziellen Er\u00f6ffnung kamen neben Olaf Scholz auch der Bremer B\u00fcrgermeister Andreas Bovenschulte, der SPD-Bundestagsabgeordnete Uwe Schmidt sowie weitere Vertreter der lokalen Politik. Nach dem symbolischen Durchschneiden des Bandes demonstrierte Andreas Wellbrock dem Bundeskanzler den Tankvorgang an einem Brennstoffzellenbus.<\/p>\r\n<!-- \/wp:paragraph --><!-- wp:paragraph -->\r\n<p>Erster Kunde der neuen Tankstelle sind die Verkehrsbetriebe Bremerhaven Bus, die bereits einen Teil ihrer Flotte auf Brennstoffzellenbusse umgestellt haben. Mit den rund 900 Kilogramm produziertem Wasserstoff k\u00f6nnen t\u00e4glich etwa 33 Busse oder 200 Pkw betankt werden \u2013 ein wichtiger Schritt auf dem Weg zu einer nachhaltigen Mobilit\u00e4t.<\/p>\r\n<!-- \/wp:paragraph --><!-- wp:spacer {\"height\":\"32px\"} -->\r\n<div class=\"wp-block-spacer\" style=\"height: 32px;\" aria-hidden=\"true\">\u00a0<\/div>\r\n<!-- \/wp:spacer --><\/div>\r\n<!-- \/wp:column --><\/div>\r\n<!-- \/wp:columns --><!-- wp:columns -->\r\n<div class=\"wp-block-columns\"><!-- wp:column -->\r\n<div class=\"wp-block-column\"><!-- wp:image {\"id\":6,\"sizeSlug\":\"large\",\"linkDestination\":\"none\"} -->\r\n<figure class=\"wp-block-image size-large\"><img class=\"wp-image-6\" src=\"https:\/\/ds-bremen.de\/wp-content\/uploads\/2025\/01\/mt-sample-background-1024x683.jpg\" alt=\"\" \/>\r\n<figcaption class=\"wp-element-caption\">Gesch\u00e4ftsf\u00fchrung, Gesellschafter und Vertreter aus der Politik sind am 20. Februar nach Bremerhaven zur feierlichen Er\u00f6ffnung der H2-Tankstelle gekommen<\/figcaption>\r\n<\/figure>\r\n<!-- \/wp:image --><!-- wp:spacer {\"height\":\"32px\"} -->\r\n<div class=\"wp-block-spacer\" style=\"height: 32px;\" aria-hidden=\"true\">\u00a0<\/div>\r\n<!-- \/wp:spacer --><\/div>\r\n<!-- \/wp:column --><!-- wp:column -->\r\n<div class=\"wp-block-column\"><!-- wp:image {\"id\":6,\"sizeSlug\":\"large\",\"linkDestination\":\"none\"} -->\r\n<figure class=\"wp-block-image size-large\"><img class=\"wp-image-6\" src=\"https:\/\/ds-bremen.de\/wp-content\/uploads\/2025\/01\/mt-sample-background-1024x683.jpg\" alt=\"\" \/>\r\n<figcaption class=\"wp-element-caption\">Bundeskanzler Olaf Scholz gratuliert HY.City.Bremerhaven-Gesch\u00e4ftsf\u00fchrer Andreas Wellbrock zur Fertigstellung der Projekts.<\/figcaption>\r\n<\/figure>\r\n<!-- \/wp:image --><\/div>\r\n<!-- \/wp:column --><\/div>\r\n<!-- \/wp:columns --><!-- wp:columns -->\r\n<div class=\"wp-block-columns\"><!-- wp:column -->\r\n<div class=\"wp-block-column\"><!-- wp:heading {\"textAlign\":\"center\",\"level\":3} -->\r\n<h3 class=\"wp-block-heading has-text-align-center\">Die Vorteile der Wasserstoff-Busse<\/h3>\r\n<!-- \/wp:heading --><!-- wp:spacer {\"height\":\"32px\"} -->\r\n<div class=\"wp-block-spacer\" style=\"height: 32px;\" aria-hidden=\"true\">\u00a0<\/div>\r\n<!-- \/wp:spacer --><!-- wp:columns -->\r\n<div class=\"wp-block-columns\"><!-- wp:column -->\r\n<div class=\"wp-block-column\"><!-- wp:columns -->\r\n<div class=\"wp-block-columns\"><!-- wp:column -->\r\n<div class=\"wp-block-column\"><!-- wp:image {\"id\":877,\"sizeSlug\":\"full\",\"linkDestination\":\"none\"} -->\r\n<figure class=\"wp-block-image size-full\"><img class=\"wp-image-877\" src=\"https:\/\/ds-bremen.de\/wp-content\/uploads\/2025\/03\/icon-energie.svg\" alt=\"\" \/><\/figure>\r\n<!-- \/wp:image --><!-- wp:paragraph {\"align\":\"center\"} -->\r\n<p class=\"has-text-align-center\"><strong>Ger\u00e4uscharmes Fahren:\u00a0<\/strong>H2-Busse sind leiser als Dieselbusse, was die Lebensqualit\u00e4t der Anwohner verbessert, insbesondere an Haltestellen.<\/p>\r\n<!-- \/wp:paragraph --><\/div>\r\n<!-- \/wp:column --><!-- wp:column -->\r\n<div class=\"wp-block-column\"><!-- wp:image {\"id\":877,\"sizeSlug\":\"full\",\"linkDestination\":\"none\"} -->\r\n<figure class=\"wp-block-image size-full\"><img class=\"wp-image-877\" src=\"https:\/\/ds-bremen.de\/wp-content\/uploads\/2025\/03\/icon-energie.svg\" alt=\"\" \/><\/figure>\r\n<!-- \/wp:image --><!-- wp:paragraph {\"align\":\"center\"} -->\r\n<p class=\"has-text-align-center\"><strong>Ger\u00e4uscharmes Fahren:\u00a0<\/strong>H2-Busse sind leiser als Dieselbusse, was die Lebensqualit\u00e4t der Anwohner verbessert, insbesondere an Haltestellen.<\/p>\r\n<!-- \/wp:paragraph --><\/div>\r\n<!-- \/wp:column --><\/div>\r\n<!-- \/wp:columns --><\/div>\r\n<!-- \/wp:column --><!-- wp:column -->\r\n<div class=\"wp-block-column\"><!-- wp:columns -->\r\n<div class=\"wp-block-columns\"><!-- wp:column -->\r\n<div class=\"wp-block-column\"><!-- wp:image {\"id\":877,\"sizeSlug\":\"full\",\"linkDestination\":\"none\"} -->\r\n<figure class=\"wp-block-image size-full\"><img class=\"wp-image-877\" src=\"https:\/\/ds-bremen.de\/wp-content\/uploads\/2025\/03\/icon-energie.svg\" alt=\"\" \/><\/figure>\r\n<!-- \/wp:image --><!-- wp:paragraph {\"align\":\"center\"} -->\r\n<p class=\"has-text-align-center\"><strong>Ger\u00e4uscharmes Fahren:\u00a0<\/strong>H2-Busse sind leiser als Dieselbusse, was die Lebensqualit\u00e4t der Anwohner verbessert, insbesondere an Haltestellen.<\/p>\r\n<!-- \/wp:paragraph --><\/div>\r\n<!-- \/wp:column --><!-- wp:column -->\r\n<div class=\"wp-block-column\"><!-- wp:image {\"id\":877,\"sizeSlug\":\"full\",\"linkDestination\":\"none\"} -->\r\n<figure class=\"wp-block-image size-full\"><img class=\"wp-image-877\" src=\"https:\/\/ds-bremen.de\/wp-content\/uploads\/2025\/03\/icon-energie.svg\" alt=\"\" \/><\/figure>\r\n<!-- \/wp:image --><!-- wp:paragraph {\"align\":\"center\"} -->\r\n<p class=\"has-text-align-center\"><strong>Ger\u00e4uscharmes Fahren:\u00a0<\/strong>H2-Busse sind leiser als Dieselbusse, was die Lebensqualit\u00e4t der Anwohner verbessert, insbesondere an Haltestellen.<\/p>\r\n<!-- \/wp:paragraph --><\/div>\r\n<!-- \/wp:column --><\/div>\r\n<!-- \/wp:columns --><\/div>\r\n<!-- \/wp:column --><\/div>\r\n<!-- \/wp:columns --><!-- wp:columns -->\r\n<div class=\"wp-block-columns\"><!-- wp:column {\"layout\":{\"type\":\"default\"}} -->\r\n<div class=\"wp-block-column\">\u00a0<\/div>\r\n<!-- \/wp:column --><\/div>\r\n<!-- \/wp:columns --><\/div>\r\n<!-- \/wp:column --><\/div>\r\n<!-- \/wp:columns --><!-- wp:columns -->\r\n<div class=\"wp-block-columns\"><!-- wp:column -->\r\n<div class=\"wp-block-column\"><!-- wp:spacer {\"height\":\"32px\"} -->\r\n<div class=\"wp-block-spacer\" style=\"height: 32px;\" aria-hidden=\"true\">\u00a0<\/div>\r\n<!-- \/wp:spacer --><!-- wp:heading {\"level\":3} -->\r\n<h3 class=\"wp-block-heading\">Bedeutung f\u00fcr die Energiewende<\/h3>\r\n<!-- \/wp:heading --><!-- wp:paragraph -->\r\n<p>Nils Schnorrenberger von der BIS Bremerhaven Wirtschaftsf\u00f6rderung zog Parallelen zur Entwicklung der Windkraft in Bremerhaven: \u201eDieses Projekt ist eine Pionierinvestition. \u00c4hnlich wie bei der Windenergie, die damals von inhabergef\u00fchrten mittelst\u00e4ndischen Unternehmen gestartet wurde und sich durch die von der Politik geschaffenen Rahmenbedingungen etablieren konnte. Beim Wasserstoff stehen wir erst am Anfang.\u201c<\/p>\r\n<!-- \/wp:paragraph --><!-- wp:paragraph -->\r\n<p>Auch Jochen Kress, Referatsleiter f\u00fcr Klima- und Umweltangelegenheiten bei der Senatorin f\u00fcr Wirtschaft, H\u00e4fen und Transformation, hob das innovative Konzept hervor: \u201eHY.City.Bremerhaven ist ein ganzheitliches Konzept, das zeigt, wie die Energiewende durch regionale Kreisl\u00e4ufe gelingen kann. Das Projekt ist alltagstauglich und zukunftsweisend.\u201c<\/p>\r\n<!-- \/wp:paragraph --><\/div>\r\n<!-- \/wp:column --><\/div>\r\n<!-- \/wp:columns --><!-- wp:columns -->\r\n<div class=\"wp-block-columns\"><!-- wp:column -->\r\n<div class=\"wp-block-column\"><!-- wp:spacer {\"height\":\"30px\"} -->\r\n<div class=\"wp-block-spacer\" style=\"height: 30px;\" aria-hidden=\"true\">\u00a0<\/div>\r\n<!-- \/wp:spacer --><!-- wp:gallery {\"columns\":4,\"linkTo\":\"attachment\",\"sizeSlug\":\"medium\"} -->\r\n<figure class=\"wp-block-gallery has-nested-images columns-4 is-cropped\"><!-- wp:image {\"id\":1188,\"sizeSlug\":\"medium\",\"linkDestination\":\"attachment\",\"className\":\"is-style-default\"} -->\r\n<figure class=\"wp-block-image size-medium is-style-default\"><a href=\"https:\/\/ds-bremen.de\/schiff-tanklager-2\/\"><img class=\"wp-image-1188\" src=\"https:\/\/ds-bremen.de\/wp-content\/uploads\/2025\/04\/schiff-tanklager-2-300x169.webp\" alt=\"Schiff vor einem Tanklager bei DS\" \/><\/a><\/figure>\r\n<!-- \/wp:image --><!-- wp:image {\"id\":1609,\"sizeSlug\":\"medium\",\"linkDestination\":\"attachment\"} -->\r\n<figure class=\"wp-block-image size-medium\"><a href=\"https:\/\/ds-bremen.de\/seenotretter-schiff-2\/\"><img class=\"wp-image-1609\" src=\"https:\/\/ds-bremen.de\/wp-content\/uploads\/2025\/04\/seenotretter-schiff-2-300x169.webp\" alt=\"\" \/><\/a><\/figure>\r\n<!-- \/wp:image --><!-- wp:image {\"id\":1721,\"sizeSlug\":\"medium\",\"linkDestination\":\"attachment\"} -->\r\n<figure class=\"wp-block-image size-medium\"><a href=\"https:\/\/ds-bremen.de\/ave-lallemant\/\"><img class=\"wp-image-1721\" src=\"https:\/\/ds-bremen.de\/wp-content\/uploads\/2025\/04\/ave-lallemant-300x300.webp\" alt=\"Christoph Av\u00e9-Lallemant\" \/><\/a><\/figure>\r\n<!-- \/wp:image --><!-- wp:image {\"id\":1683,\"sizeSlug\":\"medium\",\"linkDestination\":\"attachment\"} -->\r\n<figure class=\"wp-block-image size-medium\"><a href=\"https:\/\/ds-bremen.de\/steffen-koplin\/\"><img class=\"wp-image-1683\" src=\"https:\/\/ds-bremen.de\/wp-content\/uploads\/2025\/04\/steffen-koplin-300x200.webp\" alt=\"Steffen Koplin\" \/><\/a><\/figure>\r\n<!-- \/wp:image --><\/figure>\r\n<!-- \/wp:gallery --><!-- wp:paragraph -->\r\n<p>\/<\/p>\r\n<!-- \/wp:paragraph --><!-- wp:filebird\/block-filebird-gallery {\"selectedFolder\":[8],\"hasLightbox\":true} --> <!-- \/wp:filebird\/block-filebird-gallery --><!-- wp:divi\/layout -->\r\n<div class=\"wp-block-divi-layout\">[et_pb_section fb_built=\"1\" theme_builder_area=\"post_content\" _builder_version=\"4.27.4\" _module_preset=\"default\"][et_pb_row _builder_version=\"4.27.4\" _module_preset=\"default\" theme_builder_area=\"post_content\"][et_pb_column _builder_version=\"4.27.4\" _module_preset=\"default\" type=\"4_4\" theme_builder_area=\"post_content\"][et_pb_gallery _builder_version=\"4.27.4\" _module_preset=\"default\" theme_builder_area=\"post_content\" gallery_ids=\"1187,1188,1608\" show_title_and_caption=\"off\" show_pagination=\"off\" hover_enabled=\"0\" sticky_enabled=\"0\"][\/et_pb_gallery][\/et_pb_column][\/et_pb_row][\/et_pb_section]<\/div>\r\n<!-- \/wp:divi\/layout --><\/div>\r\n<!-- \/wp:column --><\/div>\r\n<!-- \/wp:columns --><!-- wp:columns -->\r\n<div class=\"wp-block-columns\"><!-- wp:column -->\r\n<div class=\"wp-block-column\"><!-- wp:spacer {\"height\":\"30px\"} -->\r\n<div class=\"wp-block-spacer\" style=\"height: 30px;\" aria-hidden=\"true\">\u00a0<\/div>\r\n<!-- \/wp:spacer --><!-- wp:heading {\"level\":3} -->\r\n<h3 class=\"wp-block-heading\">DS-Gruppe als aktiver Partner in der Wasserstoffwirtschaft<\/h3>\r\n<!-- \/wp:heading --><!-- wp:paragraph -->\r\n<p>Diersch & Schr\u00f6der Gruppe ist einer der Gesellschafter von HY.City.Bremerhaven und bringt ihr Know-how im Bereich Tankstelleninfrastruktur ein.<\/p>\r\n<!-- \/wp:paragraph --><!-- wp:paragraph -->\r\n<p>Durch die Zusammenarbeit unserer Tochtergesellschaft DS card + drive und HECTRONIC wurde das Tankautomaten-System so konzipiert, dass sowohl offene Zahlungssysteme wie EC- und Kreditkarten als auch geschlossene Systeme wie Flottenkarten genutzt werden k\u00f6nnen. Damit ist die Tankstelle sowohl f\u00fcr private als auch f\u00fcr gewerbliche Kunden nutzbar.<\/p>\r\n<!-- \/wp:paragraph --><!-- wp:heading {\"level\":3} -->\r\n<h3 class=\"wp-block-heading\">Erfolgsmodell \u00f6ffentlich-privater Zusammenarbeit<\/h3>\r\n<!-- \/wp:heading --><!-- wp:paragraph -->\r\n<p>Mit einem Investitionsvolumen von 12,7 Millionen Euro und einer F\u00f6rderung von 5,5 Millionen Euro durch das Bundesministerium f\u00fcr Digitales und Verkehr ist HY.City.Bremerhaven ein Beispiel daf\u00fcr, wie privatwirtschaftliches Engagement und \u00f6ffentliche F\u00f6rderung gemeinsam nachhaltige Infrastrukturprojekte vorantreiben k\u00f6nnen. Nach f\u00fcnf Jahren Planungs- und Bauzeit ist die Tankstelle nun in Betrieb und zeigt, wie durch das Zusammenspiel von Politik, Wirtschaft und regionalen Akteuren eine komplexe, nachhaltige Infrastruktur erfolgreich realisiert werden kann.<\/p>\r\n<!-- \/wp:paragraph --><!-- wp:spacer {\"height\":\"30px\"} -->\r\n<div class=\"wp-block-spacer\" style=\"height: 30px;\" aria-hidden=\"true\">\u00a0<\/div>\r\n<!-- \/wp:spacer --><!-- wp:buttons {\"layout\":{\"type\":\"flex\"}} -->\r\n<div class=\"wp-block-buttons\"><!-- wp:button {\"textAlign\":\"left\"} -->\r\n<div class=\"wp-block-button\"><a class=\"wp-block-button__link has-text-align-left wp-element-button\" href=\"https:\/\/ds-bremen.de\/nachhaltigkeit\/\">Nachhaltigkeit \u2013 unsere Verantwortung<\/a><\/div>\r\n<!-- \/wp:button --><\/div>\r\n<!-- \/wp:buttons --><\/div>\r\n<!-- \/wp:column --><\/div>\r\n<!-- \/wp:columns -->","_et_gb_content_width":"","footnotes":""},"categories":[54,58,55],"tags":[],"class_list":["post-4673","post","type-post","status-publish","format-standard","has-post-thumbnail","hentry","category-energy","category-featured-en","category-sustainability"],"acf":{"titel_h1":"DS Group\u2019s First Fast-Charging Station for E-Trucks Now Operational","titel_h2":"A Step Toward Sustainable Logistics","vorschautext-news":"Moving towards sustainable logistics: ENERGU and the DS Card+Drive have launched the DS Group's first fast-charging station for electric trucks.","titelbild-news":4348,"bildunterschrift_news":"New fast-charging site featuring two high-power charging points for electric trucks."},"_links":{"self":[{"href":"https:\/\/ds-bremen.de\/en\/wp-json\/wp\/v2\/posts\/4673","targetHints":{"allow":["GET"]}}],"collection":[{"href":"https:\/\/ds-bremen.de\/en\/wp-json\/wp\/v2\/posts"}],"about":[{"href":"https:\/\/ds-bremen.de\/en\/wp-json\/wp\/v2\/types\/post"}],"author":[{"embeddable":true,"href":"https:\/\/ds-bremen.de\/en\/wp-json\/wp\/v2\/users\/2"}],"replies":[{"embeddable":true,"href":"https:\/\/ds-bremen.de\/en\/wp-json\/wp\/v2\/comments?post=4673"}],"version-history":[{"count":8,"href":"https:\/\/ds-bremen.de\/en\/wp-json\/wp\/v2\/posts\/4673\/revisions"}],"predecessor-version":[{"id":5052,"href":"https:\/\/ds-bremen.de\/en\/wp-json\/wp\/v2\/posts\/4673\/revisions\/5052"}],"wp:featuredmedia":[{"embeddable":true,"href":"https:\/\/ds-bremen.de\/en\/wp-json\/wp\/v2\/media\/4348"}],"wp:attachment":[{"href":"https:\/\/ds-bremen.de\/en\/wp-json\/wp\/v2\/media?parent=4673"}],"wp:term":[{"taxonomy":"category","embeddable":true,"href":"https:\/\/ds-bremen.de\/en\/wp-json\/wp\/v2\/categories?post=4673"},{"taxonomy":"post_tag","embeddable":true,"href":"https:\/\/ds-bremen.de\/en\/wp-json\/wp\/v2\/tags?post=4673"}],"curies":[{"name":"wp","href":"https:\/\/api.w.org\/{rel}","templated":true}]}}